{"id":475,"date":"2021-05-26T05:23:25","date_gmt":"2021-05-26T05:23:25","guid":{"rendered":"https:\/\/tanklager-farge.de\/?p=475"},"modified":"2021-05-26T05:23:25","modified_gmt":"2021-05-26T05:23:25","slug":"wasserknappheit-durch-das-ehemalige-tanklager-farge","status":"publish","type":"post","link":"https:\/\/tanklager-farge.de\/?p=475","title":{"rendered":"Wasserknappheit durch das ehemalige Tanklager Farge"},"content":{"rendered":"\n<p>In einem Online-Artikel der <a href=\"http:\/\/welt.de\">welt.de<\/a> (externer Link: <a href=\"https:\/\/www.welt.de\/politik\/deutschland\/article231202485\/Klimawandel-Bevoelkerungsschutz-warnt-vor-Trinkwasserknappheit-in-Deutschland.html?cid=onsite.onsitesearch\">https:\/\/www.welt.de\/politik\/deutschland\/article231202485\/Klimawandel-Bevoelkerungsschutz-warnt-vor-Trinkwasserknappheit-in-Deutschland.html?cid=onsite.onsitesearch<\/a> ) wurde vor einer m\u00f6glichen Trinkwasserknappheit gewarnt.<\/p>\n\n\n\n<p>Der Pr\u00e4sident des Bundesamtes f\u00fcr Bev\u00f6lkerungsschutz und Katastrophenhilfe (BBK), Armin Schuster, weist in diesem Artikel auf den Klimawandel und die daraus resultierenden Folgen f\u00fcr die Trinkwasserversorgung hin.<\/p>\n\n\n\n<p>Der nachhaltige Umgang mit Wasser sei notwendig, da durch extreme Wetterlagen in einigen Regionen bereits heute eine Wasserknappheit zu verzeichnen sei.<\/p>\n\n\n\n<p>Es werden F\u00f6derprogramme, zum Beispiel f\u00fcr die Sanierung von Trinkwassernotbrunnen, zur Verf\u00fcgung gestellt, um in Notsituationen die Versorgung mit Wasser gew\u00e4hrleisten zu k\u00f6nnen.<\/p>\n\n\n\n<p>Aber wie sieht es in der Region rund um das ehemalige Tanklager Farge in Bremen-Nord aus?<\/p>\n\n\n\n<p>Durch die massive Verunreinigung des Grundwassers durch das Tanklager mit Schadstoffen, besteht die Gefahr, dass es zu Engp\u00e4ssen bei der Wasserversorgung in Notsituationen oder bei extremen Wetterlagen kommen kann.<\/p>\n\n\n\n<p>Deshalb fordern wir, die BI Tanklager Farge e.V., die nachhaltige Sanierung der Schadstofffahne, die sich au\u00dferhalb des Tanklagers befindet.<\/p>\n","protected":false},"excerpt":{"rendered":"<p>In einem Online-Artikel der welt.de (externer Link: https:\/\/www.welt.de\/politik\/deutschland\/article231202485\/Klimawandel-Bevoelkerungsschutz-warnt-vor-Trinkwasserknappheit-in-Deutschland.html?cid=onsite.onsitesearch ) wurde vor einer m\u00f6glichen Trinkwasserknappheit gewarnt. Der Pr\u00e4sident des Bundesamtes f\u00fcr Bev\u00f6lkerungsschutz und Katastrophenhilfe (BBK), Armin Schuster, weist in diesem Artikel auf den Klimawandel und die daraus resultierenden Folgen f\u00fcr die Trinkwasserversorgung hin. Der nachhaltige Umgang mit Wasser sei notwendig, da durch extreme Wetterlagen in einigen &hellip; <a href=\"https:\/\/tanklager-farge.de\/?p=475\" class=\"more-link\"><span class=\"screen-reader-text\">Wasserknappheit durch das ehemalige Tanklager Farge<\/span> weiterlesen<\/a><\/p>\n","protected":false},"author":1,"featured_media":0,"comment_status":"closed","ping_status":"closed","sticky":false,"template":"","format":"standard","meta":{"footnotes":""},"categories":[1],"tags":[],"class_list":["post-475","post","type-post","status-publish","format-standard","hentry","category-uncategorized"],"_links":{"self":[{"href":"https:\/\/tanklager-farge.de\/index.php?rest_route=\/wp\/v2\/posts\/475","targetHints":{"allow":["GET"]}}],"collection":[{"href":"https:\/\/tanklager-farge.de\/index.php?rest_route=\/wp\/v2\/posts"}],"about":[{"href":"https:\/\/tanklager-farge.de\/index.php?rest_route=\/wp\/v2\/types\/post"}],"author":[{"embeddable":true,"href":"https:\/\/tanklager-farge.de\/index.php?rest_route=\/wp\/v2\/users\/1"}],"replies":[{"embeddable":true,"href":"https:\/\/tanklager-farge.de\/index.php?rest_route=%2Fwp%2Fv2%2Fcomments&post=475"}],"version-history":[{"count":1,"href":"https:\/\/tanklager-farge.de\/index.php?rest_route=\/wp\/v2\/posts\/475\/revisions"}],"predecessor-version":[{"id":476,"href":"https:\/\/tanklager-farge.de\/index.php?rest_route=\/wp\/v2\/posts\/475\/revisions\/476"}],"wp:attachment":[{"href":"https:\/\/tanklager-farge.de\/index.php?rest_route=%2Fwp%2Fv2%2Fmedia&parent=475"}],"wp:term":[{"taxonomy":"category","embeddable":true,"href":"https:\/\/tanklager-farge.de\/index.php?rest_route=%2Fwp%2Fv2%2Fcategories&post=475"},{"taxonomy":"post_tag","embeddable":true,"href":"https:\/\/tanklager-farge.de\/index.php?rest_route=%2Fwp%2Fv2%2Ftags&post=475"}],"curies":[{"name":"wp","href":"https:\/\/api.w.org\/{rel}","templated":true}]}}