{"id":534,"date":"2022-09-28T11:30:37","date_gmt":"2022-09-28T11:30:37","guid":{"rendered":"https:\/\/tanklager-farge.de\/?p=534"},"modified":"2022-09-28T11:41:26","modified_gmt":"2022-09-28T11:41:26","slug":"21-podiumsdiskussion","status":"publish","type":"post","link":"https:\/\/tanklager-farge.de\/?p=534","title":{"rendered":"21. Podiumsdiskussion"},"content":{"rendered":"\n<p>Die \u00f6ffentliche Podiumsdiskussion \u00fcber die Sanierung der Schadstofffahnen wurde von den B\u00fcrgerinnen und B\u00fcrgern sehr gut angenommen. Der Gemeindesaal in der Farger Kirche war fast bis auf den letzten Platz belegt. Nach einer Einf\u00fchrung von Heidrun P\u00f6rtner und Olaf Rehnisch berichtete Herr Ivert von der Bundesanstalt f\u00fcr Immobilienaufgaben \u00fcber den Sanierungsfortschritt und die weitere Sanierungsplanung im Tanklager Farge. Der Geologische Dienst Bremen stellte das Grundwasser-Flie\u00dfmodell vor und erl\u00e4uterte die M\u00f6glichkeiten, ein Partikeltransportmodell daraus ableiten zu k\u00f6nnen. Anschlie\u00dfend wurden Fragen der anwesenden B\u00fcrgerinnen und B\u00fcrger von den geladenen Fachleuten beantwortet. <\/p>\n\n\n\n<p>Auftaktpr\u00e4sentation von Olaf Rehnisch als PDF: (<a href=\"https:\/\/tanklager-farge.de\/wp-content\/uploads\/2022\/09\/Praesentation-fuer-Buergerversammlung-27.09.2022-V1.pdf\" data-type=\"attachment\" data-id=\"531\">Download<\/a>)<\/p>\n\n\n\n<figure class=\"wp-block-image size-large\"><img loading=\"lazy\" decoding=\"async\" width=\"1024\" height=\"768\" src=\"https:\/\/tanklager-farge.de\/wp-content\/uploads\/2022\/09\/IMG_3925-1024x768.jpg\" alt=\"\" class=\"wp-image-529\" srcset=\"https:\/\/tanklager-farge.de\/wp-content\/uploads\/2022\/09\/IMG_3925-1024x768.jpg 1024w, https:\/\/tanklager-farge.de\/wp-content\/uploads\/2022\/09\/IMG_3925-300x225.jpg 300w, https:\/\/tanklager-farge.de\/wp-content\/uploads\/2022\/09\/IMG_3925-768x576.jpg 768w, https:\/\/tanklager-farge.de\/wp-content\/uploads\/2022\/09\/IMG_3925-1536x1152.jpg 1536w, https:\/\/tanklager-farge.de\/wp-content\/uploads\/2022\/09\/IMG_3925.jpg 2016w\" sizes=\"auto, (max-width: 1024px) 100vw, 1024px\" \/><figcaption>Olaf Rehnisch und Heidrun P\u00f6rtner von der B\u00fcrgerinitiative Tanklager Farge e.V.<\/figcaption><\/figure>\n\n\n\n<p><\/p>\n\n\n\n<p><\/p>\n\n\n\n<figure class=\"wp-block-image size-large\"><img loading=\"lazy\" decoding=\"async\" width=\"1024\" height=\"768\" src=\"https:\/\/tanklager-farge.de\/wp-content\/uploads\/2022\/09\/IMG_3921-1024x768.jpg\" alt=\"\" class=\"wp-image-532\" srcset=\"https:\/\/tanklager-farge.de\/wp-content\/uploads\/2022\/09\/IMG_3921-1024x768.jpg 1024w, https:\/\/tanklager-farge.de\/wp-content\/uploads\/2022\/09\/IMG_3921-300x225.jpg 300w, https:\/\/tanklager-farge.de\/wp-content\/uploads\/2022\/09\/IMG_3921-768x576.jpg 768w, https:\/\/tanklager-farge.de\/wp-content\/uploads\/2022\/09\/IMG_3921-1536x1152.jpg 1536w, https:\/\/tanklager-farge.de\/wp-content\/uploads\/2022\/09\/IMG_3921.jpg 2016w\" sizes=\"auto, (max-width: 1024px) 100vw, 1024px\" \/><figcaption>Herr Ivert (mit Mikrofon) von der Bundesanstalt f\u00fcr Immobilienaufgaben beantwortet Fragen aus dem Publikum<\/figcaption><\/figure>\n\n\n\n<p><\/p>\n\n\n\n<figure class=\"wp-block-image size-large\"><img loading=\"lazy\" decoding=\"async\" width=\"1024\" height=\"768\" src=\"https:\/\/tanklager-farge.de\/wp-content\/uploads\/2022\/09\/IMG_3928-1024x768.jpg\" alt=\"\" class=\"wp-image-530\" srcset=\"https:\/\/tanklager-farge.de\/wp-content\/uploads\/2022\/09\/IMG_3928-1024x768.jpg 1024w, https:\/\/tanklager-farge.de\/wp-content\/uploads\/2022\/09\/IMG_3928-300x225.jpg 300w, https:\/\/tanklager-farge.de\/wp-content\/uploads\/2022\/09\/IMG_3928-768x576.jpg 768w, https:\/\/tanklager-farge.de\/wp-content\/uploads\/2022\/09\/IMG_3928-1536x1152.jpg 1536w, https:\/\/tanklager-farge.de\/wp-content\/uploads\/2022\/09\/IMG_3928.jpg 2016w\" sizes=\"auto, (max-width: 1024px) 100vw, 1024px\" \/><figcaption>Herr Fr\u00f6hlich (Links), Herr Ivert (Mitte) und Frau P\u00f6rtner (Rechts) im Gespr\u00e4ch nach der Veranstaltung<\/figcaption><\/figure>\n","protected":false},"excerpt":{"rendered":"<p>Die \u00f6ffentliche Podiumsdiskussion \u00fcber die Sanierung der Schadstofffahnen wurde von den B\u00fcrgerinnen und B\u00fcrgern sehr gut angenommen. Der Gemeindesaal in der Farger Kirche war fast bis auf den letzten Platz belegt. Nach einer Einf\u00fchrung von Heidrun P\u00f6rtner und Olaf Rehnisch berichtete Herr Ivert von der Bundesanstalt f\u00fcr Immobilienaufgaben \u00fcber den Sanierungsfortschritt und die weitere Sanierungsplanung &hellip; <a href=\"https:\/\/tanklager-farge.de\/?p=534\" class=\"more-link\"><span class=\"screen-reader-text\">21. Podiumsdiskussion<\/span> weiterlesen<\/a><\/p>\n","protected":false},"author":1,"featured_media":0,"comment_status":"closed","ping_status":"closed","sticky":false,"template":"","format":"standard","meta":{"footnotes":""},"categories":[1],"tags":[],"class_list":["post-534","post","type-post","status-publish","format-standard","hentry","category-uncategorized"],"_links":{"self":[{"href":"https:\/\/tanklager-farge.de\/index.php?rest_route=\/wp\/v2\/posts\/534","targetHints":{"allow":["GET"]}}],"collection":[{"href":"https:\/\/tanklager-farge.de\/index.php?rest_route=\/wp\/v2\/posts"}],"about":[{"href":"https:\/\/tanklager-farge.de\/index.php?rest_route=\/wp\/v2\/types\/post"}],"author":[{"embeddable":true,"href":"https:\/\/tanklager-farge.de\/index.php?rest_route=\/wp\/v2\/users\/1"}],"replies":[{"embeddable":true,"href":"https:\/\/tanklager-farge.de\/index.php?rest_route=%2Fwp%2Fv2%2Fcomments&post=534"}],"version-history":[{"count":5,"href":"https:\/\/tanklager-farge.de\/index.php?rest_route=\/wp\/v2\/posts\/534\/revisions"}],"predecessor-version":[{"id":539,"href":"https:\/\/tanklager-farge.de\/index.php?rest_route=\/wp\/v2\/posts\/534\/revisions\/539"}],"wp:attachment":[{"href":"https:\/\/tanklager-farge.de\/index.php?rest_route=%2Fwp%2Fv2%2Fmedia&parent=534"}],"wp:term":[{"taxonomy":"category","embeddable":true,"href":"https:\/\/tanklager-farge.de\/index.php?rest_route=%2Fwp%2Fv2%2Fcategories&post=534"},{"taxonomy":"post_tag","embeddable":true,"href":"https:\/\/tanklager-farge.de\/index.php?rest_route=%2Fwp%2Fv2%2Ftags&post=534"}],"curies":[{"name":"wp","href":"https:\/\/api.w.org\/{rel}","templated":true}]}}