{"id":622,"date":"2023-08-27T07:14:11","date_gmt":"2023-08-27T07:14:11","guid":{"rendered":"https:\/\/tanklager-farge.de\/?p=622"},"modified":"2023-08-27T07:18:17","modified_gmt":"2023-08-27T07:18:17","slug":"das-gebiet-des-tanklager-farge-steht-im-hohen-interesse-der-buergerinnen","status":"publish","type":"post","link":"https:\/\/tanklager-farge.de\/?p=622","title":{"rendered":"Das Gebiet des Tanklager Farge steht im hohen Interesse der B\u00fcrger:innen."},"content":{"rendered":"\n<p>Viele Fragen wurden bereits gestellt und entsprechend beantwortet.<\/p>\n\n\n\n<p>Wichtige Informationen sind dem Dokument der Senatorin f\u00fcr Wirtschaft, Arbeit und Europa, vom 03.01.2023, welches sich an das Ortsamt Blumenthal richtet, zu entnehmen.<\/p>\n\n\n\n<p>Wir stellen f\u00fcr Sie kurz die wichtigsten Inhalte zusammen:<\/p>\n\n\n\n<ol class=\"wp-block-list\" type=\"1\">\n<li>Die Liegenschaft des Tanklagers befand sich bis zum Juni 2022 im Eigentum des Bundesministeriums der Verteidigung. Im Rahmen der Stilllegung wurde die Liegenschaft in das Eigentum der Bundesanstalt f\u00fcr Immobilienaufgaben (BImA) \u00fcberf\u00fchrt.<\/li>\n\n\n\n<li>Die Stilllegung der gesamten Anlage wurde 2013 beschlossen. Eine erneute Inbetriebnahme ist nicht mehr m\u00f6glich.<\/li>\n\n\n\n<li>Im Rahmen der technischen Stilllegung des Tanklagers wurden u.a. Tanks gereinigt und verplombt sowie Rohleitungen und Schieber zur\u00fcckgebaut. Der R\u00fcckbau der oberirdischen Anlageteile erfolgt seit Mai 2022.<\/li>\n\n\n\n<li>Die Beendigung des gesamten R\u00fcckbaus wird im Jahr 2027 erwartet.<\/li>\n\n\n\n<li>Es folgen Bodensanierungsma\u00dfnahmen deren Beendigung ebenfalls f\u00fcr 2027 avisiert ist.<\/li>\n\n\n\n<li>Ein Ziel der R\u00fcckbau-Ma\u00dfnahmen ist, das bestehende Quellpotenzial (Schadstoffquelle Verladebahnhof I und II) zu reduzieren und eine weitere Schadstoffnachlieferung in den Grundwasserabstrom zu unterbinden.<\/li>\n\n\n\n<li>Das Gel\u00e4nde wird voraussichtlich dauerhaft forstlich genutzt werden.<\/li>\n\n\n\n<li>Eine Machbarkeitsstudie zur weiteren Nutzung der Fl\u00e4chen des Verladebahnhofs II des Tanklagers Farge soll zu gegebener Zeit unter Ber\u00fccksichtigung der Ergebnisse der Sanierungsma\u00dfnahmen in die Wege geleitet werden.<\/li>\n<\/ol>\n\n\n\n<p>Link zum PDF-Dokument auf der Webseite des Ortsamtes Blumenthal:\u00a0<a href=\"https:\/\/www.ortsamt-blumenthal.bremen.de\/sixcms\/media.php\/13\/Antwort%20SWAE%20-%20Machbarkeitsstudie%20Tanklager%20Farge%20.pdf\">Link<\/a> [PDF-Dokument 1.529 KB]<\/p>\n","protected":false},"excerpt":{"rendered":"<p>Viele Fragen wurden bereits gestellt und entsprechend beantwortet. Wichtige Informationen sind dem Dokument der Senatorin f\u00fcr Wirtschaft, Arbeit und Europa, vom 03.01.2023, welches sich an das Ortsamt Blumenthal richtet, zu entnehmen. Wir stellen f\u00fcr Sie kurz die wichtigsten Inhalte zusammen: Link zum PDF-Dokument auf der Webseite des Ortsamtes Blumenthal:\u00a0Link [PDF-Dokument 1.529 KB]<\/p>\n","protected":false},"author":1,"featured_media":0,"comment_status":"closed","ping_status":"closed","sticky":false,"template":"","format":"standard","meta":{"footnotes":""},"categories":[1],"tags":[],"class_list":["post-622","post","type-post","status-publish","format-standard","hentry","category-uncategorized"],"_links":{"self":[{"href":"https:\/\/tanklager-farge.de\/index.php?rest_route=\/wp\/v2\/posts\/622","targetHints":{"allow":["GET"]}}],"collection":[{"href":"https:\/\/tanklager-farge.de\/index.php?rest_route=\/wp\/v2\/posts"}],"about":[{"href":"https:\/\/tanklager-farge.de\/index.php?rest_route=\/wp\/v2\/types\/post"}],"author":[{"embeddable":true,"href":"https:\/\/tanklager-farge.de\/index.php?rest_route=\/wp\/v2\/users\/1"}],"replies":[{"embeddable":true,"href":"https:\/\/tanklager-farge.de\/index.php?rest_route=%2Fwp%2Fv2%2Fcomments&post=622"}],"version-history":[{"count":5,"href":"https:\/\/tanklager-farge.de\/index.php?rest_route=\/wp\/v2\/posts\/622\/revisions"}],"predecessor-version":[{"id":627,"href":"https:\/\/tanklager-farge.de\/index.php?rest_route=\/wp\/v2\/posts\/622\/revisions\/627"}],"wp:attachment":[{"href":"https:\/\/tanklager-farge.de\/index.php?rest_route=%2Fwp%2Fv2%2Fmedia&parent=622"}],"wp:term":[{"taxonomy":"category","embeddable":true,"href":"https:\/\/tanklager-farge.de\/index.php?rest_route=%2Fwp%2Fv2%2Fcategories&post=622"},{"taxonomy":"post_tag","embeddable":true,"href":"https:\/\/tanklager-farge.de\/index.php?rest_route=%2Fwp%2Fv2%2Ftags&post=622"}],"curies":[{"name":"wp","href":"https:\/\/api.w.org\/{rel}","templated":true}]}}