{"id":672,"date":"2024-01-19T16:26:50","date_gmt":"2024-01-19T16:26:50","guid":{"rendered":"https:\/\/tanklager-farge.de\/?p=672"},"modified":"2024-01-19T16:46:07","modified_gmt":"2024-01-19T16:46:07","slug":"wir-beantragen-umgehend-im-sinne-der-gesundheitsvorsorge-zu-handeln","status":"publish","type":"post","link":"https:\/\/tanklager-farge.de\/?p=672","title":{"rendered":"Wir beantragen umgehend im Sinne der Gesundheitsvorsorge zu Handeln."},"content":{"rendered":"\n<p>Am Dienstag den 23.01.2024, wird folgender Antrag den Beir\u00e4ten des Ortsamtes Blumenthal vorgelegt:<\/p>\n\n\n\n<figure class=\"wp-block-image size-thumbnail\"><a href=\"https:\/\/tanklager-farge.de\/wp-content\/uploads\/2024\/01\/24.01.19-Buergerantrag-Verein-BI-Tanklager-Farge-Gefaehrdungslage-durch-erhoehte-Grundwasserspiegel.pdf\" target=\"_blank\" rel=\"noreferrer noopener\"><img loading=\"lazy\" decoding=\"async\" width=\"150\" height=\"150\" src=\"https:\/\/tanklager-farge.de\/wp-content\/uploads\/2024\/01\/Bildschirmfoto-2024-01-19-um-17.28.52-150x150.png\" alt=\"zum Vergr\u00f6\u00dfern Bild anklicken\" class=\"wp-image-679\"\/><\/a><\/figure>\n\n\n\n<p class=\"has-small-font-size\"><strong><a href=\"https:\/\/tanklager-farge.de\/wp-content\/uploads\/2024\/01\/24.01.19-Buergerantrag-Verein-BI-Tanklager-Farge-Gefaehrdungslage-durch-erhoehte-Grundwasserspiegel.pdf\" target=\"_blank\" rel=\"noreferrer noopener\">Link zum Antrag als PDF-Dokument<\/a><\/strong> <\/p>\n\n\n\n<p><strong>Zwischen<\/strong>&nbsp;dem stillgelegten Tanklager Farge<strong>&nbsp;\u00fcber die Liegenschaftsgrenzen hinaus<\/strong>&nbsp;in Richtung des Trinkwasserf\u00f6rderbrunnen 16 &#8211; Am Striekenkamp &#8211; sowie in Richtung der Weser erstrecken sich hochgradig mit PAK, MTBE und BTEX&nbsp;<strong>verseuchte Grundwasserbereiche<\/strong>.<\/p>\n\n\n\n<p><strong>Lage der bisher erkundeten Schadstofffahnen<\/strong> (zum Vergr\u00f6\u00dfern: Bilder anklicken):\u00a0<\/p>\n\n\n\n<figure class=\"wp-block-image size-thumbnail\"><a href=\"https:\/\/tanklager-farge.de\/wp-content\/uploads\/2024\/01\/MTBE-Schadstofffahne.pdf\" target=\"_blank\" rel=\"noreferrer noopener\"><img loading=\"lazy\" decoding=\"async\" width=\"150\" height=\"150\" src=\"https:\/\/tanklager-farge.de\/wp-content\/uploads\/2024\/01\/Bild-19.01.24-um-17.22-150x150.jpg\" alt=\"zum Vergr\u00f6\u00dfern Bild anklicken\" class=\"wp-image-676\" srcset=\"https:\/\/tanklager-farge.de\/wp-content\/uploads\/2024\/01\/Bild-19.01.24-um-17.22-150x150.jpg 150w, https:\/\/tanklager-farge.de\/wp-content\/uploads\/2024\/01\/Bild-19.01.24-um-17.22-300x298.jpg 300w, https:\/\/tanklager-farge.de\/wp-content\/uploads\/2024\/01\/Bild-19.01.24-um-17.22-1024x1017.jpg 1024w, https:\/\/tanklager-farge.de\/wp-content\/uploads\/2024\/01\/Bild-19.01.24-um-17.22-768x763.jpg 768w, https:\/\/tanklager-farge.de\/wp-content\/uploads\/2024\/01\/Bild-19.01.24-um-17.22.jpg 1142w\" sizes=\"auto, (max-width: 150px) 100vw, 150px\" \/><\/a><\/figure>\n\n\n\n<figure class=\"wp-block-image size-thumbnail\"><a href=\"https:\/\/tanklager-farge.de\/wp-content\/uploads\/2024\/01\/BTEX-Schadstofffahne.pdf\" target=\"_blank\" rel=\"noreferrer noopener\"><img loading=\"lazy\" decoding=\"async\" width=\"150\" height=\"150\" src=\"https:\/\/tanklager-farge.de\/wp-content\/uploads\/2024\/01\/Bildschirmfoto-2024-01-19-um-17.38.24-150x150.png\" alt=\"\" class=\"wp-image-686\"\/><\/a><\/figure>\n\n\n\n<p>Im Dezember 2023 kam es zu\u00a0<strong>verst\u00e4rkten Niederschl\u00e4gen<\/strong>\u00a0in Bremen und Niedersachen, welche bekanntlich zum Anstieg der Pegelst\u00e4nde in den Fl\u00fcssen, B\u00e4chen und Gr\u00e4ben f\u00fchrte. Zus\u00e4tzlich traten zeitgleich vermehrt Sturmflutlagen auf, die eine nat\u00fcrliche Entw\u00e4sserung der als Vorfluter dienenden Gew\u00e4sser erschwerte, was wiederum mit einem\u00a0<strong>Anstieg der Grundwasserst\u00e4nde<\/strong>verbunden war und noch immer ist.\u00a0\u00a0<\/p>\n\n\n\n<p>Der erh\u00f6hte Grundwasserspiegel macht sich aktuell durch ein verst\u00e4rktes&nbsp;<strong>Eindringen des Grundwassers in vorhandene Keller<\/strong>bemerkbar. Dies ist auch in h\u00f6hergelegenen Lagen, wie zum Beispiel im Bereich der Richard-Taylor-Stra\u00dfe, Wilhelm-Wege-Stra\u00dfe sowie der Stra\u00dfe An der Amtsweide bemerkbar. Da sich diese Stra\u00dfenz\u00fcge ebenfalls im Bereich der oben beschriebenen Grundwasserverseuchung befinden, muss davon ausgegangen werden, dass mit dem&nbsp;<strong>Wasser erh\u00f6hte Mengen an krebserregenden Giftstoffen in die Kellerr\u00e4ume der Wohngeb\u00e4ude eingetragen werden.<\/strong><\/p>\n\n\n\n<p>Aufgrund der potenziellen akuten Gef\u00e4hrdungslage wird der Beirat eindringlich gebeten, umgehend sowohl die Bundesimmobilienanstalt (BIMA) als auch die Umweltbeh\u00f6rde aufzufordern:<\/p>\n\n\n\n<ul class=\"wp-block-list\">\n<li>Eine&nbsp;<strong>sofortige \u00dcberpr\u00fcfung der Schadstoffbelastung<\/strong>&nbsp;in den betroffenen Geb\u00e4uden vorzunehmen und ggf.&nbsp;<strong>entsprechende Sicherungs- sowie Sanierungsma\u00dfnahmen<\/strong>&nbsp;einzuleiten.<\/li>\n\n\n\n<li>Umgehend mit der&nbsp;<strong>Planung als auch der Umsetzung eines Sanierungsverfahrens<\/strong>&nbsp;f\u00fcr die Schadstofffahnen&nbsp;<strong>zu beginnen<\/strong>, da davon auszugehen ist, dass es im Rahmen des Klimawandels vermehrt zu langanhaltenden sowie ausgiebigen Niederschlagslagen und dem damit verbundenen Anstieg des Grundwasserspiegels kommen wird.<\/li>\n\n\n\n<li>Ihren&nbsp;<strong>Verpflichtungen<\/strong>&nbsp;nachzukommen und&nbsp;<strong>alle erforderlichen Ma\u00dfnahmen<\/strong>&nbsp;zur Grundwassersicherung und -Sanierung zu gew\u00e4hrleisten und&nbsp;<strong>zu&nbsp;<\/strong><strong>finanzieren<\/strong>.<\/li>\n<\/ul>\n","protected":false},"excerpt":{"rendered":"<p>Am Dienstag den 23.01.2024, wird folgender Antrag den Beir\u00e4ten des Ortsamtes Blumenthal vorgelegt: Link zum Antrag als PDF-Dokument Zwischen&nbsp;dem stillgelegten Tanklager Farge&nbsp;\u00fcber die Liegenschaftsgrenzen hinaus&nbsp;in Richtung des Trinkwasserf\u00f6rderbrunnen 16 &#8211; Am Striekenkamp &#8211; sowie in Richtung der Weser erstrecken sich hochgradig mit PAK, MTBE und BTEX&nbsp;verseuchte Grundwasserbereiche. Lage der bisher erkundeten Schadstofffahnen (zum Vergr\u00f6\u00dfern: Bilder &hellip; <a href=\"https:\/\/tanklager-farge.de\/?p=672\" class=\"more-link\"><span class=\"screen-reader-text\">Wir beantragen umgehend im Sinne der Gesundheitsvorsorge zu Handeln.<\/span> weiterlesen<\/a><\/p>\n","protected":false},"author":1,"featured_media":0,"comment_status":"closed","ping_status":"closed","sticky":false,"template":"","format":"standard","meta":{"footnotes":""},"categories":[1],"tags":[],"class_list":["post-672","post","type-post","status-publish","format-standard","hentry","category-uncategorized"],"_links":{"self":[{"href":"https:\/\/tanklager-farge.de\/index.php?rest_route=\/wp\/v2\/posts\/672","targetHints":{"allow":["GET"]}}],"collection":[{"href":"https:\/\/tanklager-farge.de\/index.php?rest_route=\/wp\/v2\/posts"}],"about":[{"href":"https:\/\/tanklager-farge.de\/index.php?rest_route=\/wp\/v2\/types\/post"}],"author":[{"embeddable":true,"href":"https:\/\/tanklager-farge.de\/index.php?rest_route=\/wp\/v2\/users\/1"}],"replies":[{"embeddable":true,"href":"https:\/\/tanklager-farge.de\/index.php?rest_route=%2Fwp%2Fv2%2Fcomments&post=672"}],"version-history":[{"count":12,"href":"https:\/\/tanklager-farge.de\/index.php?rest_route=\/wp\/v2\/posts\/672\/revisions"}],"predecessor-version":[{"id":689,"href":"https:\/\/tanklager-farge.de\/index.php?rest_route=\/wp\/v2\/posts\/672\/revisions\/689"}],"wp:attachment":[{"href":"https:\/\/tanklager-farge.de\/index.php?rest_route=%2Fwp%2Fv2%2Fmedia&parent=672"}],"wp:term":[{"taxonomy":"category","embeddable":true,"href":"https:\/\/tanklager-farge.de\/index.php?rest_route=%2Fwp%2Fv2%2Fcategories&post=672"},{"taxonomy":"post_tag","embeddable":true,"href":"https:\/\/tanklager-farge.de\/index.php?rest_route=%2Fwp%2Fv2%2Ftags&post=672"}],"curies":[{"name":"wp","href":"https:\/\/api.w.org\/{rel}","templated":true}]}}